{"id":5844,"date":"2024-05-30T16:17:06","date_gmt":"2024-05-30T16:17:06","guid":{"rendered":"https:\/\/layer.si\/kaos\/?p=5844"},"modified":"2024-06-05T10:52:46","modified_gmt":"2024-06-05T10:52:46","slug":"visit-info","status":"publish","type":"post","link":"https:\/\/layer.si\/kaos\/en\/visit-info\/","title":{"rendered":"VISIT INFO"},"content":{"rendered":"\n<p><strong><mark style=\"background-color:rgba(0, 0, 0, 0)\" class=\"has-inline-color has-vivid-cyan-blue-color\">OPENING HOURS &amp; LOCATIONS OF THE GALLERIES <\/mark><\/strong><\/p>\n\n\n\n<p><strong>Layer House (Layer House Gallery, Mahlerca Gallery, Cafe Layer)<\/strong><br><em>Tom\u0161i\u010d street 32 <\/em><br>Tuesday-Saturday: 10.00-19.00 <br>Monday, national holidays: closed<\/p>\n\n\n\n<p><strong>Janez Puhar Gallery &#8211; \u0160krlovec<\/strong> <strong>Tower<\/strong><br><em>\u0160krlovec 1<\/em><br>Tuesday-Saturday: 10.00-19.00 <br>Monday, national holidays: closed<br><br><strong>Mestna hi\u0161a<\/strong><br><em>Glavni trg 4<\/em><br>Tuesday-Sunday: 10.00-18.00 <br>Monday, national holidays: closed<br><br><strong>Mala galerija<\/strong><br><em>Main square 4 <\/em><br>Tuesday-Friday: 10.00-18.00<br>Saturday: 10.00-13.00<br>Sunday, Monday, national holidays: closed<br><br><strong>Kova\u010dnica, atrij<\/strong><br><em>Po\u0161tna street 4<\/em><br>Monday-Friday: 8.00-16.00<br><br><strong>Mergentaler<\/strong> <strong><em>street gallery<\/em><\/strong><br><em>Tom\u0161i\u010d street (in vicinity of Layer House)<\/em><br>every day, 24hrs<\/p>\n\n\n\n<p><strong>On-Spot Gallery <\/strong><br><em>Gregor\u010di\u010d street 1<\/em> (<em>in front of City Library Kranj<\/em>)<br>every day, 24h, 31. 5.-2. 7. <br><br><strong>Park La Ciotat <\/strong><br><em>near Moj kino<\/em> cinema<br>every day, 24h<br><\/p>\n\n\n\n<p><strong><mark style=\"background-color:rgba(0, 0, 0, 0)\" class=\"has-inline-color has-vivid-cyan-blue-color\">THE LIST OF ARTISTS PER LOCATIONS <\/mark><\/strong><br><\/p>\n\n\n\n<p><strong><mark style=\"background-color:#f78da7\" class=\"has-inline-color\">1- Layer<\/mark><\/strong><mark style=\"background-color:#f78da7\" class=\"has-inline-color\"> <strong>House<\/strong><\/mark><\/p>\n\n\n\n<p><br>&gt; <em>Layer House Gallery<\/em><\/p>\n\n\n\n<p><strong>Trapped in Space<br>Curated by: Maru\u0161a \u0160tibelj (SI)<\/strong><\/p>\n\n\n\n<p>Ana \u010cavi\u0107 (RS)<br>Bodo Korsig (DE)<br>Consuelo Zatta (IT)<br>Chris Kenny (UK)<br>Du\u0161a Jesih (SI)<br>Giuseppe Ragazzini (IT)<br>Mar\u00eda Elisa Quiaro (VE\/DE)<br>Michela Taeggi (IT)<br>Oliver Pili\u0107 (SI)<br>Pim Palsgraaf (NL)<br>Philip Carney (UK)<br>Saskia Reis (DE)<br>Silvia Beltrami (IT)<br>Suzana Brborovi\u0107 (SI)<\/p>\n\n\n\n<p><strong>Art in a Box: Liminal Places<\/strong><br><strong>Curated by: Mar\u00eda Elisa Quiaro (VE\/DE)<\/strong><\/p>\n\n\n\n<p>Erika Bournet Delbosc (FR)<br>Ro-Nalt Schrauwen (NL)<br>Nikki Ward (UK)<br>Kai Holland (DE)<br>Justine Laeufer (DE)<br>Emily Marbach (UK)<br>Pasquale de Sensi (IT)<br>Miriam Mart\u00ednez Abell\u00e1n (ES)<br>Liza Petridou (CY)<br>The Scissorhands (DE)<br>Barbara Ribnikar (SI)<\/p>\n\n\n\n<p>&gt; <em>Mahlerca Gallery<\/em><\/p>\n\n\n\n<p><strong>Carmen Alvar (ES)<\/strong><br><strong>Kite, Portable Landscapes and Ruins<\/strong><br><\/p>\n\n\n\n<p>&gt; <em>Layer Cafe<\/em><\/p>\n\n\n\n<p><strong>\u201cBeneath the Surface\u201d of High School for Design and Photography Ljubljana<\/strong><br><strong>Mentors: Veronika Vesel Poto\u010dnik, Meta \u0160olar, Kaja Urh (SI)<\/strong><\/p>\n\n\n\n<p>\u017dana Baraga, \u010carna Berk, Manca Bucaj, Ema Cvek, Martina \u010cerin, Zoja Nina Garafol, Zoja Gloria Hernaus, Luka Habi\u010d, Lana Hribar, Lana Hudoklin, Lucia Karo Banko, Oleksandra Lutsik, Nina Ma\u0161era Lisjak, Sara Mehi\u0107, Manu Nonkovi\u0107, Flora Omer\u010devi\u0107, Izabela Stropnik, Vita \u0160obar, Matej \u0160u\u0161tar, Tja\u0161a Toma\u017ein, Ula Tominec (SI)<\/p>\n\n\n\n<p><\/p>\n\n\n\n<p><mark style=\"background-color:#f78da7\" class=\"has-inline-color\"><strong>2-Janez Puhar Gallery- \u0160krlovec Tower<\/strong> <\/mark><\/p>\n\n\n\n<p><strong>Speaking in the words of Another<\/strong><br><strong>Curated by: Adrijan Praznik (SI)<\/strong><\/p>\n\n\n\n<p>Leon Zuodar (SI)<br>Nevena Aleksovski (SI)<br>Maja Babi\u010d Ko\u0161ir (SI)<br>DNLM (SI)<br>Ne\u017ea Perov\u0161ek (SI)<br>Iva Tratnik (SI)<\/p>\n\n\n\n<p><mark style=\"background-color:#f78da7\" class=\"has-inline-color\"><strong>3-Mergentaler street gallery <\/strong> <\/mark><br><br><strong>Petja Kolenko (SI): She&#8217;s Lost Control<\/strong><br><\/p>\n\n\n\n<p><mark style=\"background-color:#f78da7\" class=\"has-inline-color\"><strong>4- Town Hall, basement<\/strong> <\/mark><\/p>\n\n\n\n<p><strong>Beneath the Surface<br>Curated by: Andrej \u0160tular (SI), Maru\u0161a \u0160tibelj (SI)<\/strong><\/p>\n\n\n\n<p>Brut Carniollus (SI)<br>Nikola Goci\u0107 (RS)<br>Clive Knights (US)<br>Angela V. Scardigno (US)<br>Constantinos Chaidalis (EL)<br>Martin Do\u0161ek (CZ)<br>Paul Seelmann (AT \/ SI)<br>Iza \u0160trumbelj Oblak (SI)<br>Jelena Dejanovi\u0107 (RS)<br>Tisa Praprotnik (SI)<br>Guilherme Albuquerque (BR)<br>Mark Murphy (GB)<br>Matej Pav\u0161ek (SI)<br>Nela Pober\u017enik (SI)<br>Ana \u0160\u010duka (SI)<br>Silvio Severino (IT)<br>Anna Klos (PL)<\/p>\n\n\n\n<p><mark style=\"background-color:#f78da7\" class=\"has-inline-color\"><strong>5- Kova\u010dnica, atrium<\/strong><\/mark><\/p>\n\n\n\n<p><strong>Oliver Pili\u0107 (SI): \u201cError\u201d, 2024, mural<\/strong><\/p>\n\n\n\n<p><mark style=\"background-color:#f78da7\" class=\"has-inline-color\"><strong>6- Mala galerija<\/strong> <\/mark><\/p>\n\n\n\n<p><strong>Emotional Maps<br>Curated by: Maru\u0161a \u0160tibelj (SI), Martina Maren\u010di\u010d (SI)<\/strong><\/p>\n\n\n\n<p>Andreja Er\u017een (SI)<br>Bagrat Arazyan (AM\/SI)<br>Cveto Zlate (SI)<br>Irena Gayatri Horvat (SI)<br>Iztok \u0160majs Muni (SI)<br>Klavdij Tutta (SI)<br>Klementina Golija (SI)<br>Meta \u0160olar (SI)<br>Peter Marolt (SI)<br><\/p>\n\n\n\n<p><mark style=\"background-color:#f78da7\" class=\"has-inline-color\"><strong>7- On-Spot Gallery [31. 5.-2. 7.]<\/strong><\/mark><\/p>\n\n\n\n<p><strong>Kuratorja: Molly Campbell (UK), Les Jones (UK) &#8211; Contemporary Collage Magazine<\/strong><\/p>\n\n\n\n<p>Alma Haser (DE\/UK)<br>Dani\u00e8le Knirim (BE)<br>Hitesh Natalwala (KE)<br>James Gallagher (US)<br>Lanecia A. Rouse (US)<br>Les Jones (UK)<br>Liberty Blake (UK)<br>Mark Timmins (UK)<br>Miranda Millward (UK)<br>Paula Mans (US)<br>Rita Lavalle (US)<br>Romain Pouyau (F)<br>Sean Lee (UK)<br>Simone Karl (DE)<br>Allan Bealy (US)<br><\/p>\n\n\n\n<p><mark style=\"background-color:#f78da7\" class=\"has-inline-color\"><strong>8- Park La Ciotat<\/strong><\/mark><\/p>\n\n\n\n<p><strong>Saskia Reis (DE): Dreams in Germany, installation <\/strong><\/p>\n","protected":false},"excerpt":{"rendered":"<p>All information on visiting festival exhibition.<\/p>\n","protected":false},"author":2,"featured_media":5840,"comment_status":"closed","ping_status":"closed","sticky":false,"template":"","format":"standard","meta":[],"categories":[18],"tags":[],"_links":{"self":[{"href":"https:\/\/layer.si\/kaos\/wp-json\/wp\/v2\/posts\/5844"}],"collection":[{"href":"https:\/\/layer.si\/kaos\/wp-json\/wp\/v2\/posts"}],"about":[{"href":"https:\/\/layer.si\/kaos\/wp-json\/wp\/v2\/types\/post"}],"author":[{"embeddable":true,"href":"https:\/\/layer.si\/kaos\/wp-json\/wp\/v2\/users\/2"}],"replies":[{"embeddable":true,"href":"https:\/\/layer.si\/kaos\/wp-json\/wp\/v2\/comments?post=5844"}],"version-history":[{"count":6,"href":"https:\/\/layer.si\/kaos\/wp-json\/wp\/v2\/posts\/5844\/revisions"}],"predecessor-version":[{"id":5864,"href":"https:\/\/layer.si\/kaos\/wp-json\/wp\/v2\/posts\/5844\/revisions\/5864"}],"wp:featuredmedia":[{"embeddable":true,"href":"https:\/\/layer.si\/kaos\/wp-json\/wp\/v2\/media\/5840"}],"wp:attachment":[{"href":"https:\/\/layer.si\/kaos\/wp-json\/wp\/v2\/media?parent=5844"}],"wp:term":[{"taxonomy":"category","embeddable":true,"href":"https:\/\/layer.si\/kaos\/wp-json\/wp\/v2\/categories?post=5844"},{"taxonomy":"post_tag","embeddable":true,"href":"https:\/\/layer.si\/kaos\/wp-json\/wp\/v2\/tags?post=5844"}],"curies":[{"name":"wp","href":"https:\/\/api.w.org\/{rel}","templated":true}]}}